{"id":11395,"date":"2021-09-06T09:00:28","date_gmt":"2021-09-06T12:00:28","guid":{"rendered":"https:\/\/sempreit.com.br\/?p=11395"},"modified":"2021-09-06T11:04:57","modified_gmt":"2021-09-06T14:04:57","slug":"metricas-e-indicadores-como-utilizar-na-minha-empresa","status":"publish","type":"post","link":"https:\/\/sempreit.com.br\/en\/metricas-e-indicadores-como-utilizar-na-minha-empresa\/","title":{"rendered":"M\u00e9tricas e indicadores: como utilizar na minha empresa?"},"content":{"rendered":"<p>tomadas de decis\u00e3o s\u00e3o cr\u00edticas para o sucesso de qualquer empreendimento. Saber como guiar uma empresa em meio \u00e0 concorr\u00eancia \u00e9 fundamental para obter melhores resultados e destac\u00e1-la das demais.<\/p>\n<p>Por isso, as m\u00e9tricas e os indicadores surgem como pe\u00e7as centrais entre as estrat\u00e9gias tra\u00e7adas para potencializar os esfor\u00e7os e direcion\u00e1-los de acordo com os objetivos da empresa.<\/p>\n<p>Neste texto, vamos apresentar melhor a import\u00e2ncia das m\u00e9tricas e dos indicadores e como eles podem ser usados em seu neg\u00f3cio. Confira!<\/p>\n<p>Qual a import\u00e2ncia de m\u00e9tricas e indicadores?<\/p>\n<p>Conseguir se manter relevante em meio \u00e0 concorr\u00eancia \u00e9 uma \u00e1rdua tarefa, que exige muita dedica\u00e7\u00e3o e esfor\u00e7o por parte da gest\u00e3o das empresas. Por isso, o acompanhamento preciso das diferentes estrat\u00e9gias executadas \u00e9 fundamental para identificar o ritmo do seu andamento e avaliar a qualidade dos resultados alcan\u00e7ados.<\/p>\n<p>Nesse sentido, contar com uma forma de apresentar os resultados gerados e avaliar se os objetivos foram realmente atingidos por interm\u00e9dio de uma an\u00e1lise completa \u00e9 crucial para o sucesso no mercado.<\/p>\n<p>As m\u00e9tricas e os indicadores de desempenho s\u00e3o pe\u00e7as centrais para que as empresas tenham uma maneira eficaz para avaliar como suas estrat\u00e9gias est\u00e3o sendo executadas e, ent\u00e3o, promover os eventuais ajustes necess\u00e1rios.<\/p>\n<p>Assim, as m\u00e9tricas e os indicadores se revelam como comunicadores. Eles permitem o entendimento geral sobre o ponto no qual a empresa deseja chegar e como os resultados alcan\u00e7ados podem impulsionar o empreendimento rumo ao sucesso.<\/p>\n<p>Com isso, os gestores t\u00eam em m\u00e3os meios eficientes para tomar as decis\u00f5es necess\u00e1rias para adequar as estrat\u00e9gias e guiar seus esfor\u00e7os rumo aos objetivos estabelecidos.<\/p>\n<p>Como utiliz\u00e1-los em sua empresa?<\/p>\n<p>Ap\u00f3s expor a import\u00e2ncia que as m\u00e9tricas e os indicadores de desempenho t\u00eam para o sucesso organizacional, separamos alguns pontos relevantes que podem ajudar voc\u00ea a entender como \u00e9 poss\u00edvel utiliz\u00e1-los em sua empresa. Acompanhe!<\/p>\n<p>Tenha objetivos claros<\/p>\n<p>Para nortear os seus esfor\u00e7os com sucesso, o primeiro ponto ao qual \u00e9 preciso prestar aten\u00e7\u00e3o diz respeito aos objetivos estabelecidos nas estrat\u00e9gias. De nada adianta tentar medir resultados se os planos n\u00e3o est\u00e3o claros ou se os resultados n\u00e3o s\u00e3o poss\u00edveis de serem alcan\u00e7ados.<\/p>\n<p>M\u00e9tricas e indicadores certamente v\u00e3o auxiliar na medi\u00e7\u00e3o dos resultados e orientar a gest\u00e3o da empresa durante as tomadas de decis\u00e3o. Ainda assim, para que uma estrat\u00e9gia produza efeitos positivos, \u00e9 preciso que esteja baseada na realidade da organiza\u00e7\u00e3o.<\/p>\n<p>Ter objetivos claros permite expandir horizontes na hora de avaliar os resultados alcan\u00e7ados, possibilitando uma interpreta\u00e7\u00e3o mais precisa acerca do sucesso das estrat\u00e9gias \u2014 e, consequentemente, possibilitando adequar os planos de a\u00e7\u00e3o.<\/p>\n<p>Defina as m\u00e9tricas e indicadores que ser\u00e3o acompanhados<\/p>\n<p>Com uma estrat\u00e9gia campe\u00e3 tra\u00e7ada e com objetivos claros, o pr\u00f3ximo passo \u00e9 definir quais ser\u00e3o as m\u00e9tricas e os indicadores que ir\u00e3o ajud\u00e1-lo a interpretar os resultados alcan\u00e7ados e guiar os seus esfor\u00e7os futuros.<\/p>\n<p>Por isso, \u00e9 fundamental saber como escolher bem as m\u00e9tricas e os indicadores que v\u00e3o espelhar a realidade do seu neg\u00f3cio e que estar\u00e3o alinhados com o seu planejamento estrat\u00e9gico.<\/p>\n<p>Uma forma bastante efetiva para definir os indicadores e as m\u00e9tricas e alinh\u00e1-los ao seu plano \u00e9 por meio do m\u00e9todo SMART \u2014 que serve como norte para definir as atividades necess\u00e1rias para alcan\u00e7ar os objetivos de forma plena.<\/p>\n<p>Com as m\u00e9tricas e indicadores definidos, \u00e9 preciso estabelecer os n\u00edveis de relev\u00e2ncia de cada elemento e definir um profissional que ser\u00e1 respons\u00e1vel pelo seu acompanhamento.<\/p>\n<p>Conte com um sistema de gest\u00e3o<\/p>\n<p>A\u00a0<a href=\"https:\/\/www.redaweb.com.br\/pautas\/detalhes\/%E2%80%9Dhttps:\/sempreit.dev.yogh.com.br\/transformacao-digital\/%E2%80%9D\">Digital Transformation path<\/a>\u00a0se consolidou no mercado como uma quest\u00e3o evolutiva das empresas em rela\u00e7\u00e3o \u00e0 tecnologia e como ela pode ser ben\u00e9fica para os resultados. O investimento em um sistema de gest\u00e3o possibilita um acompanhamento de m\u00e9tricas e indicadores muito mais pr\u00e1tico e eficiente.<\/p>\n<p>Esse tipo de ferramenta auxilia a gest\u00e3o durante todo o processo de acompanhamento, fornecendo relat\u00f3rios completos, com n\u00fameros e dados relevantes sobre a estrat\u00e9gia.<\/p>\n<p>Al\u00e9m disso, uma ferramenta de gest\u00e3o pode ser integrada a outros sistemas da organiza\u00e7\u00e3o. Esse processo pode ser usado para automatizar a alimenta\u00e7\u00e3o dos indicadores em tempo real, tornando o processo muito mais \u00e1gil e preciso.<\/p>\n<p>O investimento em um sistema de gest\u00e3o tamb\u00e9m pode impactar positivamente a produtividade das suas equipes. A\u00a0<a href=\"https:\/\/www.redaweb.com.br\/pautas\/detalhes\/%E2%80%9Dhttps:\/sempreit.dev.yogh.com.br\/automacao-de-testes\/%E2%80%9D\">automa\u00e7\u00e3o<\/a>\u00a0elimina a necessidade de intera\u00e7\u00e3o humana para a alimenta\u00e7\u00e3o dos indicadores, possibilitando que os profissionais dediquem seu tempo a outras atividades.<\/p>\n<p>Tamb\u00e9m, esse processo permite centralizar as informa\u00e7\u00f5es em um \u00fanico lugar, facilitando o acesso aos dados coletados pela ferramenta.<\/p>\n<p>Pronto! Viu como voc\u00ea pode come\u00e7ar a usar as m\u00e9tricas e os indicadores de desempenho em sua empresa? Tenha consci\u00eancia de que a tecnologia \u00e9 a maior aliada das empresas na hora de buscar resultados melhores. A transforma\u00e7\u00e3o digital \u00e9 um processo importante para o sucesso dos empreendimentos e crucial para a sobreviv\u00eancia no mercado competitivo.<\/p>\n<p>Ficou interessado nas oportunidades que a tecnologia pode trazer para a sua empresa? Ent\u00e3o aproveite para nos\u00a0<a href=\"https:\/\/www.redaweb.com.br\/pautas\/detalhes\/%E2%80%9Dhttps:\/sempreit.dev.yogh.com.br\/contato\/%E2%80%9D\">mandar uma mensagem<\/a>\u00a0por e-mail ou WhatsApp e veja como podemos ajud\u00e1-lo!<\/p>","protected":false},"excerpt":{"rendered":"<p>tomadas de decis\u00e3o s\u00e3o cr\u00edticas para o sucesso de qualquer empreendimento. Saber como guiar uma empresa em meio \u00e0 concorr\u00eancia \u00e9 fundamental para obter melhores resultados e destac\u00e1-la das demais. Por isso, as m\u00e9tricas e os indicadores surgem como pe\u00e7as centrais entre as estrat\u00e9gias tra\u00e7adas para potencializar os esfor\u00e7os e direcion\u00e1-los de acordo com os [&hellip;]<\/p>\n","protected":false},"author":15,"featured_media":11396,"comment_status":"open","ping_status":"open","sticky":false,"template":"","format":"standard","meta":{"_acf_changed":false,"footnotes":""},"categories":[27,24],"tags":[54,53],"destaque_blog":[],"class_list":["post-11395","post","type-post","status-publish","format-standard","has-post-thumbnail","hentry","category-compliance","category-qa","tag-indicadores","tag-metricas"],"acf":[],"yoast_head":"<!-- This site is optimized with the Yoast SEO plugin v26.9 - https:\/\/yoast.com\/product\/yoast-seo-wordpress\/ -->\n<title>M\u00e9tricas e indicadores: como utilizar na minha empresa? | Sempre IT<\/title>\n<meta name=\"description\" content=\"Voc\u00ea sabe como as m\u00e9tricas e indicadores de desempenho s\u00e3o cruciais para o sucesso de suas estrat\u00e9gias? Entenda a sua import\u00e2ncia nesse artigo\" \/>\n<meta name=\"robots\" content=\"index, follow, max-snippet:-1, max-image-preview:large, max-video-preview:-1\" \/>\n<link rel=\"canonical\" href=\"https:\/\/sempreit.com.br\/en\/metricas-e-indicadores-como-utilizar-na-minha-empresa\/\" \/>\n<meta property=\"og:locale\" content=\"en_US\" \/>\n<meta property=\"og:type\" content=\"article\" \/>\n<meta property=\"og:title\" content=\"M\u00e9tricas e indicadores: como utilizar na minha empresa? | Sempre IT\" \/>\n<meta property=\"og:description\" content=\"Voc\u00ea sabe como as m\u00e9tricas e indicadores de desempenho s\u00e3o cruciais para o sucesso de suas estrat\u00e9gias? Entenda a sua import\u00e2ncia nesse artigo\" \/>\n<meta property=\"og:url\" content=\"https:\/\/sempreit.com.br\/en\/metricas-e-indicadores-como-utilizar-na-minha-empresa\/\" \/>\n<meta property=\"og:site_name\" content=\"Sempre IT\" \/>\n<meta property=\"article:published_time\" content=\"2021-09-06T12:00:28+00:00\" \/>\n<meta property=\"article:modified_time\" content=\"2021-09-06T14:04:57+00:00\" \/>\n<meta property=\"og:image\" content=\"https:\/\/sempreit.com.br\/wp-content\/uploads\/2021\/08\/metricas.jpg\" \/>\n\t<meta property=\"og:image:width\" content=\"640\" \/>\n\t<meta property=\"og:image:height\" content=\"410\" \/>\n\t<meta property=\"og:image:type\" content=\"image\/jpeg\" \/>\n<meta name=\"author\" content=\"sempre it\" \/>\n<meta name=\"twitter:card\" content=\"summary_large_image\" \/>\n<meta name=\"twitter:label1\" content=\"Written by\" \/>\n\t<meta name=\"twitter:data1\" content=\"sempre it\" \/>\n\t<meta name=\"twitter:label2\" content=\"Est. reading time\" \/>\n\t<meta name=\"twitter:data2\" content=\"4 minutes\" \/>\n<script type=\"application\/ld+json\" class=\"yoast-schema-graph\">{\"@context\":\"https:\/\/schema.org\",\"@graph\":[{\"@type\":\"Article\",\"@id\":\"https:\/\/sempreit.com.br\/en\/metricas-e-indicadores-como-utilizar-na-minha-empresa\/#article\",\"isPartOf\":{\"@id\":\"https:\/\/sempreit.com.br\/en\/metricas-e-indicadores-como-utilizar-na-minha-empresa\/\"},\"author\":{\"name\":\"sempre it\",\"@id\":\"https:\/\/sempreit.com.br\/#\/schema\/person\/c631a19da2b52ca31140d6dd158ffcbf\"},\"headline\":\"M\u00e9tricas e indicadores: como utilizar na minha empresa?\",\"datePublished\":\"2021-09-06T12:00:28+00:00\",\"dateModified\":\"2021-09-06T14:04:57+00:00\",\"mainEntityOfPage\":{\"@id\":\"https:\/\/sempreit.com.br\/en\/metricas-e-indicadores-como-utilizar-na-minha-empresa\/\"},\"wordCount\":926,\"commentCount\":0,\"publisher\":{\"@id\":\"https:\/\/sempreit.com.br\/#organization\"},\"image\":{\"@id\":\"https:\/\/sempreit.com.br\/en\/metricas-e-indicadores-como-utilizar-na-minha-empresa\/#primaryimage\"},\"thumbnailUrl\":\"https:\/\/sempreit.com.br\/wp-content\/uploads\/2021\/08\/metricas.jpg\",\"keywords\":[\"indicadores\",\"m\u00e9tricas\"],\"articleSection\":[\"Compliance\",\"QA\"],\"inLanguage\":\"en\",\"potentialAction\":[{\"@type\":\"CommentAction\",\"name\":\"Comment\",\"target\":[\"https:\/\/sempreit.com.br\/en\/metricas-e-indicadores-como-utilizar-na-minha-empresa\/#respond\"]}]},{\"@type\":\"WebPage\",\"@id\":\"https:\/\/sempreit.com.br\/en\/metricas-e-indicadores-como-utilizar-na-minha-empresa\/\",\"url\":\"https:\/\/sempreit.com.br\/en\/metricas-e-indicadores-como-utilizar-na-minha-empresa\/\",\"name\":\"M\u00e9tricas e indicadores: como utilizar na minha empresa? | Sempre IT\",\"isPartOf\":{\"@id\":\"https:\/\/sempreit.com.br\/#website\"},\"primaryImageOfPage\":{\"@id\":\"https:\/\/sempreit.com.br\/en\/metricas-e-indicadores-como-utilizar-na-minha-empresa\/#primaryimage\"},\"image\":{\"@id\":\"https:\/\/sempreit.com.br\/en\/metricas-e-indicadores-como-utilizar-na-minha-empresa\/#primaryimage\"},\"thumbnailUrl\":\"https:\/\/sempreit.com.br\/wp-content\/uploads\/2021\/08\/metricas.jpg\",\"datePublished\":\"2021-09-06T12:00:28+00:00\",\"dateModified\":\"2021-09-06T14:04:57+00:00\",\"description\":\"Voc\u00ea sabe como as m\u00e9tricas e indicadores de desempenho s\u00e3o cruciais para o sucesso de suas estrat\u00e9gias? Entenda a sua import\u00e2ncia nesse artigo\",\"breadcrumb\":{\"@id\":\"https:\/\/sempreit.com.br\/en\/metricas-e-indicadores-como-utilizar-na-minha-empresa\/#breadcrumb\"},\"inLanguage\":\"en\",\"potentialAction\":[{\"@type\":\"ReadAction\",\"target\":[\"https:\/\/sempreit.com.br\/en\/metricas-e-indicadores-como-utilizar-na-minha-empresa\/\"]}]},{\"@type\":\"ImageObject\",\"inLanguage\":\"en\",\"@id\":\"https:\/\/sempreit.com.br\/en\/metricas-e-indicadores-como-utilizar-na-minha-empresa\/#primaryimage\",\"url\":\"https:\/\/sempreit.com.br\/wp-content\/uploads\/2021\/08\/metricas.jpg\",\"contentUrl\":\"https:\/\/sempreit.com.br\/wp-content\/uploads\/2021\/08\/metricas.jpg\",\"width\":640,\"height\":410,\"caption\":\"m\u00e9tricas e indicadores\"},{\"@type\":\"BreadcrumbList\",\"@id\":\"https:\/\/sempreit.com.br\/en\/metricas-e-indicadores-como-utilizar-na-minha-empresa\/#breadcrumb\",\"itemListElement\":[{\"@type\":\"ListItem\",\"position\":1,\"name\":\"In\u00edcio\",\"item\":\"https:\/\/sempreit.com.br\/\"},{\"@type\":\"ListItem\",\"position\":2,\"name\":\"M\u00e9tricas e indicadores: como utilizar na minha empresa?\"}]},{\"@type\":\"WebSite\",\"@id\":\"https:\/\/sempreit.com.br\/#website\",\"url\":\"https:\/\/sempreit.com.br\/\",\"name\":\"Sempre IT\",\"description\":\"\",\"publisher\":{\"@id\":\"https:\/\/sempreit.com.br\/#organization\"},\"potentialAction\":[{\"@type\":\"SearchAction\",\"target\":{\"@type\":\"EntryPoint\",\"urlTemplate\":\"https:\/\/sempreit.com.br\/?s={search_term_string}\"},\"query-input\":{\"@type\":\"PropertyValueSpecification\",\"valueRequired\":true,\"valueName\":\"search_term_string\"}}],\"inLanguage\":\"en\"},{\"@type\":\"Organization\",\"@id\":\"https:\/\/sempreit.com.br\/#organization\",\"name\":\"Sempre IT\",\"url\":\"https:\/\/sempreit.com.br\/\",\"logo\":{\"@type\":\"ImageObject\",\"inLanguage\":\"en\",\"@id\":\"https:\/\/sempreit.com.br\/#\/schema\/logo\/image\/\",\"url\":\"https:\/\/sempreit.com.br\/wp-content\/uploads\/2025\/12\/Lobo.png\",\"contentUrl\":\"https:\/\/sempreit.com.br\/wp-content\/uploads\/2025\/12\/Lobo.png\",\"width\":552,\"height\":677,\"caption\":\"Sempre IT\"},\"image\":{\"@id\":\"https:\/\/sempreit.com.br\/#\/schema\/logo\/image\/\"}},{\"@type\":\"Person\",\"@id\":\"https:\/\/sempreit.com.br\/#\/schema\/person\/c631a19da2b52ca31140d6dd158ffcbf\",\"name\":\"sempre it\",\"image\":{\"@type\":\"ImageObject\",\"inLanguage\":\"en\",\"@id\":\"https:\/\/sempreit.com.br\/#\/schema\/person\/image\/\",\"url\":\"https:\/\/sempreit.com.br\/wp-content\/litespeed\/avatar\/64d26965cced0bf8232cfabd45c73828.jpg?ver=1777302994\",\"contentUrl\":\"https:\/\/sempreit.com.br\/wp-content\/litespeed\/avatar\/64d26965cced0bf8232cfabd45c73828.jpg?ver=1777302994\",\"caption\":\"sempre it\"},\"url\":\"https:\/\/sempreit.com.br\/en\/author\/sempreit\/\"}]}<\/script>\n<!-- \/ Yoast SEO plugin. -->","yoast_head_json":{"title":"M\u00e9tricas e indicadores: como utilizar na minha empresa? | Sempre IT","description":"Voc\u00ea sabe como as m\u00e9tricas e indicadores de desempenho s\u00e3o cruciais para o sucesso de suas estrat\u00e9gias? Entenda a sua import\u00e2ncia nesse artigo","robots":{"index":"index","follow":"follow","max-snippet":"max-snippet:-1","max-image-preview":"max-image-preview:large","max-video-preview":"max-video-preview:-1"},"canonical":"https:\/\/sempreit.com.br\/en\/metricas-e-indicadores-como-utilizar-na-minha-empresa\/","og_locale":"en_US","og_type":"article","og_title":"M\u00e9tricas e indicadores: como utilizar na minha empresa? | Sempre IT","og_description":"Voc\u00ea sabe como as m\u00e9tricas e indicadores de desempenho s\u00e3o cruciais para o sucesso de suas estrat\u00e9gias? Entenda a sua import\u00e2ncia nesse artigo","og_url":"https:\/\/sempreit.com.br\/en\/metricas-e-indicadores-como-utilizar-na-minha-empresa\/","og_site_name":"Sempre IT","article_published_time":"2021-09-06T12:00:28+00:00","article_modified_time":"2021-09-06T14:04:57+00:00","og_image":[{"width":640,"height":410,"url":"https:\/\/sempreit.com.br\/wp-content\/uploads\/2021\/08\/metricas.jpg","type":"image\/jpeg"}],"author":"sempre it","twitter_card":"summary_large_image","twitter_misc":{"Written by":"sempre it","Est. reading time":"4 minutes"},"schema":{"@context":"https:\/\/schema.org","@graph":[{"@type":"Article","@id":"https:\/\/sempreit.com.br\/en\/metricas-e-indicadores-como-utilizar-na-minha-empresa\/#article","isPartOf":{"@id":"https:\/\/sempreit.com.br\/en\/metricas-e-indicadores-como-utilizar-na-minha-empresa\/"},"author":{"name":"sempre it","@id":"https:\/\/sempreit.com.br\/#\/schema\/person\/c631a19da2b52ca31140d6dd158ffcbf"},"headline":"M\u00e9tricas e indicadores: como utilizar na minha empresa?","datePublished":"2021-09-06T12:00:28+00:00","dateModified":"2021-09-06T14:04:57+00:00","mainEntityOfPage":{"@id":"https:\/\/sempreit.com.br\/en\/metricas-e-indicadores-como-utilizar-na-minha-empresa\/"},"wordCount":926,"commentCount":0,"publisher":{"@id":"https:\/\/sempreit.com.br\/#organization"},"image":{"@id":"https:\/\/sempreit.com.br\/en\/metricas-e-indicadores-como-utilizar-na-minha-empresa\/#primaryimage"},"thumbnailUrl":"https:\/\/sempreit.com.br\/wp-content\/uploads\/2021\/08\/metricas.jpg","keywords":["indicadores","m\u00e9tricas"],"articleSection":["Compliance","QA"],"inLanguage":"en","potentialAction":[{"@type":"CommentAction","name":"Comment","target":["https:\/\/sempreit.com.br\/en\/metricas-e-indicadores-como-utilizar-na-minha-empresa\/#respond"]}]},{"@type":"WebPage","@id":"https:\/\/sempreit.com.br\/en\/metricas-e-indicadores-como-utilizar-na-minha-empresa\/","url":"https:\/\/sempreit.com.br\/en\/metricas-e-indicadores-como-utilizar-na-minha-empresa\/","name":"M\u00e9tricas e indicadores: como utilizar na minha empresa? | Sempre IT","isPartOf":{"@id":"https:\/\/sempreit.com.br\/#website"},"primaryImageOfPage":{"@id":"https:\/\/sempreit.com.br\/en\/metricas-e-indicadores-como-utilizar-na-minha-empresa\/#primaryimage"},"image":{"@id":"https:\/\/sempreit.com.br\/en\/metricas-e-indicadores-como-utilizar-na-minha-empresa\/#primaryimage"},"thumbnailUrl":"https:\/\/sempreit.com.br\/wp-content\/uploads\/2021\/08\/metricas.jpg","datePublished":"2021-09-06T12:00:28+00:00","dateModified":"2021-09-06T14:04:57+00:00","description":"Voc\u00ea sabe como as m\u00e9tricas e indicadores de desempenho s\u00e3o cruciais para o sucesso de suas estrat\u00e9gias? Entenda a sua import\u00e2ncia nesse artigo","breadcrumb":{"@id":"https:\/\/sempreit.com.br\/en\/metricas-e-indicadores-como-utilizar-na-minha-empresa\/#breadcrumb"},"inLanguage":"en","potentialAction":[{"@type":"ReadAction","target":["https:\/\/sempreit.com.br\/en\/metricas-e-indicadores-como-utilizar-na-minha-empresa\/"]}]},{"@type":"ImageObject","inLanguage":"en","@id":"https:\/\/sempreit.com.br\/en\/metricas-e-indicadores-como-utilizar-na-minha-empresa\/#primaryimage","url":"https:\/\/sempreit.com.br\/wp-content\/uploads\/2021\/08\/metricas.jpg","contentUrl":"https:\/\/sempreit.com.br\/wp-content\/uploads\/2021\/08\/metricas.jpg","width":640,"height":410,"caption":"m\u00e9tricas e indicadores"},{"@type":"BreadcrumbList","@id":"https:\/\/sempreit.com.br\/en\/metricas-e-indicadores-como-utilizar-na-minha-empresa\/#breadcrumb","itemListElement":[{"@type":"ListItem","position":1,"name":"In\u00edcio","item":"https:\/\/sempreit.com.br\/"},{"@type":"ListItem","position":2,"name":"M\u00e9tricas e indicadores: como utilizar na minha empresa?"}]},{"@type":"WebSite","@id":"https:\/\/sempreit.com.br\/#website","url":"https:\/\/sempreit.com.br\/","name":"Sempre IT","description":"","publisher":{"@id":"https:\/\/sempreit.com.br\/#organization"},"potentialAction":[{"@type":"SearchAction","target":{"@type":"EntryPoint","urlTemplate":"https:\/\/sempreit.com.br\/?s={search_term_string}"},"query-input":{"@type":"PropertyValueSpecification","valueRequired":true,"valueName":"search_term_string"}}],"inLanguage":"en"},{"@type":"Organization","@id":"https:\/\/sempreit.com.br\/#organization","name":"Sempre IT","url":"https:\/\/sempreit.com.br\/","logo":{"@type":"ImageObject","inLanguage":"en","@id":"https:\/\/sempreit.com.br\/#\/schema\/logo\/image\/","url":"https:\/\/sempreit.com.br\/wp-content\/uploads\/2025\/12\/Lobo.png","contentUrl":"https:\/\/sempreit.com.br\/wp-content\/uploads\/2025\/12\/Lobo.png","width":552,"height":677,"caption":"Sempre IT"},"image":{"@id":"https:\/\/sempreit.com.br\/#\/schema\/logo\/image\/"}},{"@type":"Person","@id":"https:\/\/sempreit.com.br\/#\/schema\/person\/c631a19da2b52ca31140d6dd158ffcbf","name":"sempre it","image":{"@type":"ImageObject","inLanguage":"en","@id":"https:\/\/sempreit.com.br\/#\/schema\/person\/image\/","url":"https:\/\/sempreit.com.br\/wp-content\/litespeed\/avatar\/64d26965cced0bf8232cfabd45c73828.jpg?ver=1777302994","contentUrl":"https:\/\/sempreit.com.br\/wp-content\/litespeed\/avatar\/64d26965cced0bf8232cfabd45c73828.jpg?ver=1777302994","caption":"sempre it"},"url":"https:\/\/sempreit.com.br\/en\/author\/sempreit\/"}]}},"_links":{"self":[{"href":"https:\/\/sempreit.com.br\/en\/wp-json\/wp\/v2\/posts\/11395","targetHints":{"allow":["GET"]}}],"collection":[{"href":"https:\/\/sempreit.com.br\/en\/wp-json\/wp\/v2\/posts"}],"about":[{"href":"https:\/\/sempreit.com.br\/en\/wp-json\/wp\/v2\/types\/post"}],"author":[{"embeddable":true,"href":"https:\/\/sempreit.com.br\/en\/wp-json\/wp\/v2\/users\/15"}],"replies":[{"embeddable":true,"href":"https:\/\/sempreit.com.br\/en\/wp-json\/wp\/v2\/comments?post=11395"}],"version-history":[{"count":0,"href":"https:\/\/sempreit.com.br\/en\/wp-json\/wp\/v2\/posts\/11395\/revisions"}],"wp:featuredmedia":[{"embeddable":true,"href":"https:\/\/sempreit.com.br\/en\/wp-json\/wp\/v2\/media\/11396"}],"wp:attachment":[{"href":"https:\/\/sempreit.com.br\/en\/wp-json\/wp\/v2\/media?parent=11395"}],"wp:term":[{"taxonomy":"category","embeddable":true,"href":"https:\/\/sempreit.com.br\/en\/wp-json\/wp\/v2\/categories?post=11395"},{"taxonomy":"post_tag","embeddable":true,"href":"https:\/\/sempreit.com.br\/en\/wp-json\/wp\/v2\/tags?post=11395"},{"taxonomy":"destaque_blog","embeddable":true,"href":"https:\/\/sempreit.com.br\/en\/wp-json\/wp\/v2\/destaque_blog?post=11395"}],"curies":[{"name":"wp","href":"https:\/\/api.w.org\/{rel}","templated":true}]}}